{"id":30982,"date":"2025-11-03T18:50:48","date_gmt":"2025-11-03T17:50:48","guid":{"rendered":"https:\/\/kommit-bike.de\/2025\/11\/kommit-zum-dolomiti-paganella-bike-opening-2022\/"},"modified":"2025-11-03T18:50:48","modified_gmt":"2025-11-03T17:50:48","slug":"kommit-zum-dolomiti-paganella-bike-opening-2022","status":"publish","type":"post","link":"https:\/\/kommit-bike.de\/fr\/2025\/11\/kommit-zum-dolomiti-paganella-bike-opening-2022\/","title":{"rendered":"kommit au Dolomiti Paganella Bike Opening 2022"},"content":{"rendered":"\n<p class=\"has-medium-font-size\">Retrouve-nous au <strong><a href=\"https:\/\/www.dolomitipaganellabike.com\/de\/pagine\/dettaglio\/landing-page-8\/dolomiti-paganella-bike-opening-129-html\">Dolomiti Paganella Bike Opening 2022<\/a><\/strong> du 27 au 29 mai 2022 au stand <em>kommit<\/em>. Informe-toi et teste gratuitement le syst\u00e8me de traction <em>kommit<\/em>. Bien s\u00fbr, nous nous croiserons certainement de temps en temps sur les sentiers ou aux soir\u00e9es apr\u00e8s-v\u00e9lo\u00a0! Nous nous r\u00e9jouissons de vous rencontrer\u00a0!   <\/p>\n\n<p class=\"has-medium-font-size\"><strong>Notre programme sur place<\/strong><\/p>\n\n<ul class=\"has-medium-font-size wp-block-list\" data-block-type=\"core\"><li>Tour en famille <em>kommit<\/em> le vendredi, samedi et dimanche<\/li><li>D\u00e9part\u00a0: 13h30<\/li><li>Dur\u00e9e\u00a0: 2 heures<\/li><li>Test gratuit du syst\u00e8me de traction <em>kommit<\/em><\/li><li>Inscription\u00a0: jusqu\u2019\u00e0 30\u00a0min au stand kommit <\/li><li>Caract\u00e8re\u00a0: Facile \u2013 adapt\u00e9 aux familles<\/li><li>Enfants avec papa ou maman<\/li><li>Maximum 10 participants par tour<\/li><\/ul>\n\n<div class=\"wp-block-image\" data-block-type=\"core\"><figure class=\"aligncenter size-large\"><a href=\"https:\/\/www.dolomitipaganellabike.com\/de\/pagine\/dettaglio\/landing-page-8\/dolomiti-paganella-bike-opening-129-html\" target=\"_blank\" rel=\"noopener\"><img loading=\"lazy\" decoding=\"async\" width=\"650\" height=\"650\" src=\"https:\/\/kommit-bike.de\/wp-content\/uploads\/2022\/05\/280704635_421673676460493_8135175242823277596_n-650x650.jpg\" alt=\"\" class=\"wp-image-15945\" srcset=\"https:\/\/kommit-bike.de\/wp-content\/uploads\/2022\/05\/280704635_421673676460493_8135175242823277596_n-650x650.jpg 650w, https:\/\/kommit-bike.de\/wp-content\/uploads\/2022\/05\/280704635_421673676460493_8135175242823277596_n-450x450.jpg 450w, https:\/\/kommit-bike.de\/wp-content\/uploads\/2022\/05\/280704635_421673676460493_8135175242823277596_n-768x768.jpg 768w, https:\/\/kommit-bike.de\/wp-content\/uploads\/2022\/05\/280704635_421673676460493_8135175242823277596_n-300x300.jpg 300w, https:\/\/kommit-bike.de\/wp-content\/uploads\/2022\/05\/280704635_421673676460493_8135175242823277596_n-600x600.jpg 600w, https:\/\/kommit-bike.de\/wp-content\/uploads\/2022\/05\/280704635_421673676460493_8135175242823277596_n-100x100.jpg 100w, https:\/\/kommit-bike.de\/wp-content\/uploads\/2022\/05\/280704635_421673676460493_8135175242823277596_n.jpg 1080w\" sizes=\"auto, (max-width: 650px) 100vw, 650px\" \/><\/a><\/figure><\/div>\n\n<p class=\"has-medium-font-size\"><strong>Le reste du programme du festival<\/strong><\/p>\n\n<p class=\"has-medium-font-size\"><strong>Vendredi 27 mai<\/strong><br\/>9h00-17h30 Test bikes @Talstation der Gondel Andalo &#8211; Doss Pel\u00e0<br\/>10h00-16h30 Brand Aktivit\u00e4ten und DJs @Rifugi &#8211; La Montanara (Molveno Zone), Meriz (Fai Zone) und Dosson (Andalo Zone)<br\/>17h30-20h00 Apr\u00e8s Bike mit &#8220;The Sweet Life Society&#8221; @Talstation der Gondel Andalo &#8211; Doss Pel\u00e0<\/p>\n\n<p class=\"has-medium-font-size\"><strong>Samedi 28 mai<\/strong><br\/>9h00-17h30 Test bikes @Talstation der Gondel Andalo &#8211; Doss Pel\u00e0<br\/>10h00-16h30 Brand Aktivit\u00e4ten und DJs @Rifugi &#8211; La Montanara (Molveno Zone), Meriz (Fai Zone) und Dosson (Andalo Zone)<br\/>17h30-20h00 Apr\u00e8s Bike con &#8220;Klumzy Tung and Band&#8221; @ Andalo-Doss Pel\u00e0<\/p>\n\n<p class=\"has-medium-font-size\"><strong>Dimanche 29 mai<\/strong><br\/>9h00-16h00 Test bikes @Talstation der Gondel Andalo &#8211; Doss Pel\u00e0<br\/>10h00-16h00 Brand Aktivit\u00e4ten und DJs @Rifugi &#8211; La Montanara (Molveno Zone), Meriz (Fai Zone) und Dosson (Andalo Zone)<\/p>\n\n<div class=\"wp-block-image\" data-block-type=\"core\"><figure class=\"aligncenter size-large\"><a href=\"https:\/\/www.dolomitipaganellabike.com\/de\/pagine\/dettaglio\/landing-page-8\/dolomiti-paganella-bike-opening-129-html\" target=\"_blank\" rel=\"noopener\"><img loading=\"lazy\" decoding=\"async\" width=\"650\" height=\"650\" src=\"https:\/\/kommit-bike.de\/wp-content\/uploads\/2022\/05\/dpbo-2022-logoleiste-rgb-1000x1000px-2205191224-650x650.jpg\" alt=\"\" class=\"wp-image-15942\" srcset=\"https:\/\/kommit-bike.de\/wp-content\/uploads\/2022\/05\/dpbo-2022-logoleiste-rgb-1000x1000px-2205191224-650x650.jpg 650w, https:\/\/kommit-bike.de\/wp-content\/uploads\/2022\/05\/dpbo-2022-logoleiste-rgb-1000x1000px-2205191224-450x450.jpg 450w, https:\/\/kommit-bike.de\/wp-content\/uploads\/2022\/05\/dpbo-2022-logoleiste-rgb-1000x1000px-2205191224-768x768.jpg 768w, https:\/\/kommit-bike.de\/wp-content\/uploads\/2022\/05\/dpbo-2022-logoleiste-rgb-1000x1000px-2205191224-300x300.jpg 300w, https:\/\/kommit-bike.de\/wp-content\/uploads\/2022\/05\/dpbo-2022-logoleiste-rgb-1000x1000px-2205191224-600x600.jpg 600w, https:\/\/kommit-bike.de\/wp-content\/uploads\/2022\/05\/dpbo-2022-logoleiste-rgb-1000x1000px-2205191224-100x100.jpg 100w, https:\/\/kommit-bike.de\/wp-content\/uploads\/2022\/05\/dpbo-2022-logoleiste-rgb-1000x1000px-2205191224.jpg 1000w\" sizes=\"auto, (max-width: 650px) 100vw, 650px\" \/><\/a><\/figure><\/div>\n\n<div class=\"alignfull wp-block-ugb-container ugb-container ugb-43af7fd ugb-container--v2 ugb-container--design-basic ugb-main-block\"><style>.ugb-43af7fd-wrapper.ugb-container__wrapper{min-height:50vh}.ugb-43af7fd.ugb-container{z-index:1 !important}@media screen and (min-width:768px){.ugb-43af7fd.ugb-container{margin-top:0px !important;margin-bottom:0px !important;padding-right:35px !important;padding-bottom:0px !important;padding-left:35px !important}}.ugb-43af7fd > .ugb-inner-block > .ugb-block-content > *{justify-content:flex-end !important}<\/style><div class=\"ugb-inner-block\"><div class=\"ugb-block-content\"><div class=\"ugb-container__wrapper ugb-43af7fd-wrapper ugb--shadow-0 ugb--restrict-content-width\"><div class=\"ugb-container__side\"><div class=\"ugb-container__content-wrapper ugb-43af7fd-content-wrapper ugb-content-wrapper\">\n<div class=\"wp-block-ugb-icon ugb-icon ugb-0285b8a ugb-icon--v2 ugb-icon--design-basic ugb-main-block\"><div class=\"ugb-inner-block\"><div class=\"ugb-block-content\"><div class=\"ugb-icon__content-wrapper\"><div class=\"ugb-icon__item ugb-icon__item1\"><div class=\"ugb-icon__icon\" rel=\"\"><div class=\"ugb-icon-inner-svg\"><svg aria-hidden=\"true\" data-prefix=\"far\" data-icon=\"shopping-cart\" class=\"svg-inline--fa fa-shopping-cart fa-w-18\" role=\"img\" xmlns=\"http:\/\/www.w3.org\/2000\/svg\" viewbox=\"0 0 576 512\"><path fill=\"currentColor\" d=\"M551.991 64H144.28l-8.726-44.608C133.35 8.128 123.478 0 112 0H12C5.373 0 0 5.373 0 12v24c0 6.627 5.373 12 12 12h80.24l69.594 355.701C150.796 415.201 144 430.802 144 448c0 35.346 28.654 64 64 64s64-28.654 64-64a63.681 63.681 0 0 0-8.583-32h145.167a63.681 63.681 0 0 0-8.583 32c0 35.346 28.654 64 64 64 35.346 0 64-28.654 64-64 0-18.136-7.556-34.496-19.676-46.142l1.035-4.757c3.254-14.96-8.142-29.101-23.452-29.101H203.76l-9.39-48h312.405c11.29 0 21.054-7.869 23.452-18.902l45.216-208C578.695 78.139 567.299 64 551.991 64zM208 472c-13.234 0-24-10.766-24-24s10.766-24 24-24 24 10.766 24 24-10.766 24-24 24zm256 0c-13.234 0-24-10.766-24-24s10.766-24 24-24 24 10.766 24 24-10.766 24-24 24zm23.438-200H184.98l-31.31-160h368.548l-34.78 160z\"><\/path><\/svg><\/div><\/div><\/div><\/div><\/div><\/div><\/div>\n\n\n\n<h2 class=\"wp-block-heading\" id=\"produkt\" data-block-type=\"core\">Commandez votre <strong><em>kommit<\/em><\/strong> maintenant : d<meta charset=\"utf-8\"\/>irectement aupr\u00e8s du fabricant<br\/><\/h2>\n\n\n\n<p class=\"has-medium-font-size\">Vous pouvez nous soutenir personnellement en commandant votre syst\u00e8me de traction <strong><em>kommit<\/em><\/strong> directement sur notre page d&#8217;accueil. <\/p>\n\n\n\n<p class=\"has-medium-font-size\">Con\u00e7u et d\u00e9velopp\u00e9 en Bavi\u00e8re, c&#8217;est la solution id\u00e9ale pour votre prochaine excursion commune \u00e0 v\u00e9lo. Que ce soit avec vos enfants ou toute la famille. <strong>Commandez ici maintenant<\/strong> ! <\/p>\n\n\n<div data-block-name=\"woocommerce\/featured-product\" data-edit-mode=\"false\" data-product-id=\"30793\" data-show-desc=\"false\" class=\"wc-block-featured-product alignnone has-background-dim wp-block-woocommerce-featured-product\" style=\"min-height:500px;\"><div class=\"wc-block-featured-product__wrapper\"><div class=\"background-dim__overlay\" style=\"background-color: #000000\"><\/div><img decoding=\"async\" alt=\"Syst\u00e8me de traction pour v\u00e9lo kommit\u00ae\" class=\"wc-block-featured-product__background-image\" src=\"https:\/\/kommit-bike.de\/wp-content\/uploads\/2020\/11\/kommit-Towing-System-2025-award-650x650.png\" style=\"object-fit: none;object-position: 50% 50%;\" \/><h2 class=\"wc-block-featured-product__title\">Syst\u00e8me de traction pour v\u00e9lo kommit\u00ae<\/h2><div class=\"wc-block-featured-product__price\"><small><\/small><span class=\"woocommerce-Price-amount amount\">59,95<span class=\"woocommerce-Price-currencySymbol\">&euro;<\/span><\/span><\/div><div class=\"wc-block-featured-product__inner-blocks\">\n\n<div class=\"wp-block-buttons is-layout-flex wp-block-buttons-is-layout-flex\" data-block-type=\"core\">\n<div class=\"wp-block-button aligncenter\" data-block-type=\"core\"><a class=\"wp-block-button__link\" href=\"https:\/\/kommit-bike.de\/fr\/produkt\/kommit-dein-zugsystem-fuer-mehr-fahrspass\/\">Acheter maintenant<\/a><\/div>\n<\/div>\n\n<\/div><\/div><\/div><\/div><\/div><\/div><\/div><\/div><\/div>\n","protected":false},"excerpt":{"rendered":"<p>Retrouve-nous au Dolomiti Paganella Bike Opening 2022 du 27 au 29 mai 2022 au stand kommit. Informe-toi et teste gratuitement &#8230; <\/p>\n<p class=\"read-more-container\"><a title=\"kommit au Dolomiti Paganella Bike Opening 2022\" class=\"read-more button\" href=\"https:\/\/kommit-bike.de\/fr\/2025\/11\/kommit-zum-dolomiti-paganella-bike-opening-2022\/#more-30982\" aria-label=\"En savoir plus sur kommit au Dolomiti Paganella Bike Opening 2022\">Lire plus<\/a><\/p>\n","protected":false},"author":2,"featured_media":15947,"comment_status":"open","ping_status":"closed","sticky":false,"template":"","format":"standard","meta":{"footnotes":""},"categories":[52],"tags":[],"class_list":["post-30982","post","type-post","status-publish","format-standard","has-post-thumbnail","hentry","category-non-classifiee","resize-featured-image"],"featured_image_urls_v2":{"full":["https:\/\/kommit-bike.de\/wp-content\/uploads\/2022\/05\/280704635_421673676460493_8135175242823277596_n.jpg",1080,1080,false],"thumbnail":["https:\/\/kommit-bike.de\/wp-content\/uploads\/2022\/05\/280704635_421673676460493_8135175242823277596_n-450x450.jpg",450,450,true],"medium":["https:\/\/kommit-bike.de\/wp-content\/uploads\/2022\/05\/280704635_421673676460493_8135175242823277596_n-450x450.jpg",450,450,true],"medium_large":["https:\/\/kommit-bike.de\/wp-content\/uploads\/2022\/05\/280704635_421673676460493_8135175242823277596_n-768x768.jpg",768,768,true],"large":["https:\/\/kommit-bike.de\/wp-content\/uploads\/2022\/05\/280704635_421673676460493_8135175242823277596_n-650x650.jpg",650,650,true],"1536x1536":["https:\/\/kommit-bike.de\/wp-content\/uploads\/2022\/05\/280704635_421673676460493_8135175242823277596_n.jpg",1080,1080,false],"2048x2048":["https:\/\/kommit-bike.de\/wp-content\/uploads\/2022\/05\/280704635_421673676460493_8135175242823277596_n.jpg",1080,1080,false],"woocommerce_thumbnail":["https:\/\/kommit-bike.de\/wp-content\/uploads\/2022\/05\/280704635_421673676460493_8135175242823277596_n-300x300.jpg",300,300,true],"woocommerce_single":["https:\/\/kommit-bike.de\/wp-content\/uploads\/2022\/05\/280704635_421673676460493_8135175242823277596_n-600x600.jpg",600,600,true],"woocommerce_gallery_thumbnail":["https:\/\/kommit-bike.de\/wp-content\/uploads\/2022\/05\/280704635_421673676460493_8135175242823277596_n-100x100.jpg",100,100,true]},"post_excerpt_stackable_v2":"<p>Retrouve-nous au Dolomiti Paganella Bike Opening 2022 du 27 au 29 mai 2022 au stand kommit. Informe-toi et teste gratuitement le syst\u00e8me de traction kommit. Bien s\u00fbr, nous nous croiserons certainement de temps en temps sur les sentiers ou aux soir\u00e9es apr\u00e8s-v\u00e9lo\u00a0! Nous nous r\u00e9jouissons de vous rencontrer\u00a0! Notre programme sur place Tour en famille kommit le vendredi, samedi et dimancheD\u00e9part\u00a0: 13h30Dur\u00e9e\u00a0: 2 heuresTest gratuit du syst\u00e8me de traction kommitInscription\u00a0: jusqu\u2019\u00e0 30\u00a0min au stand kommit Caract\u00e8re\u00a0: Facile \u2013 adapt\u00e9 aux famillesEnfants avec papa ou mamanMaximum 10 participants par tour Le reste du programme du festival Vendredi 27 mai9h00-17h30 Test bikes\u2026<\/p>\n","category_list_v2":"<a href=\"https:\/\/kommit-bike.de\/fr\/kategorie\/non-classifiee\/\" rel=\"category tag\">Non classifi\u00e9(e)<\/a>","author_info_v2":{"name":"Rieger Andy","url":"https:\/\/kommit-bike.de\/fr\/author\/andy\/"},"comments_num_v2":"0 commentaire","_links":{"self":[{"href":"https:\/\/kommit-bike.de\/fr\/wp-json\/wp\/v2\/posts\/30982","targetHints":{"allow":["GET"]}}],"collection":[{"href":"https:\/\/kommit-bike.de\/fr\/wp-json\/wp\/v2\/posts"}],"about":[{"href":"https:\/\/kommit-bike.de\/fr\/wp-json\/wp\/v2\/types\/post"}],"author":[{"embeddable":true,"href":"https:\/\/kommit-bike.de\/fr\/wp-json\/wp\/v2\/users\/2"}],"replies":[{"embeddable":true,"href":"https:\/\/kommit-bike.de\/fr\/wp-json\/wp\/v2\/comments?post=30982"}],"version-history":[{"count":0,"href":"https:\/\/kommit-bike.de\/fr\/wp-json\/wp\/v2\/posts\/30982\/revisions"}],"wp:featuredmedia":[{"embeddable":true,"href":"https:\/\/kommit-bike.de\/fr\/wp-json\/wp\/v2\/media\/15947"}],"wp:attachment":[{"href":"https:\/\/kommit-bike.de\/fr\/wp-json\/wp\/v2\/media?parent=30982"}],"wp:term":[{"taxonomy":"category","embeddable":true,"href":"https:\/\/kommit-bike.de\/fr\/wp-json\/wp\/v2\/categories?post=30982"},{"taxonomy":"post_tag","embeddable":true,"href":"https:\/\/kommit-bike.de\/fr\/wp-json\/wp\/v2\/tags?post=30982"}],"curies":[{"name":"wp","href":"https:\/\/api.w.org\/{rel}","templated":true}]}}