{"id":31938,"date":"2025-11-26T21:00:25","date_gmt":"2025-11-26T20:00:25","guid":{"rendered":"https:\/\/kommit-bike.de\/2025\/11\/kommit-zum-dolomiti-paganella-bike-opening-2022-dublikat\/"},"modified":"2025-11-26T21:00:27","modified_gmt":"2025-11-26T20:00:27","slug":"kommit-zum-dolomiti-paganella-bike-opening-2022-dublikat","status":"publish","type":"post","link":"https:\/\/kommit-bike.de\/it\/2025\/11\/kommit-zum-dolomiti-paganella-bike-opening-2022-dublikat\/","title":{"rendered":"Riepilogo: Dolomiti Paganella Bike-Opening 2022"},"content":{"rendered":"<div class=\"wp-block-image\">\n<figure class=\"aligncenter size-large\" data-block-type=\"core\"><img loading=\"lazy\" decoding=\"async\" width=\"488\" height=\"650\" src=\"https:\/\/kommit-bike.de\/wp-content\/uploads\/2022\/06\/3DEC9DFD-9DC0-47EF-A741-7A8F5405F25E_1_102_o-488x650.jpeg\" alt=\"\" class=\"wp-image-16120\" srcset=\"https:\/\/kommit-bike.de\/wp-content\/uploads\/2022\/06\/3DEC9DFD-9DC0-47EF-A741-7A8F5405F25E_1_102_o-488x650.jpeg 488w, https:\/\/kommit-bike.de\/wp-content\/uploads\/2022\/06\/3DEC9DFD-9DC0-47EF-A741-7A8F5405F25E_1_102_o-338x450.jpeg 338w, https:\/\/kommit-bike.de\/wp-content\/uploads\/2022\/06\/3DEC9DFD-9DC0-47EF-A741-7A8F5405F25E_1_102_o-768x1024.jpeg 768w, https:\/\/kommit-bike.de\/wp-content\/uploads\/2022\/06\/3DEC9DFD-9DC0-47EF-A741-7A8F5405F25E_1_102_o-1152x1536.jpeg 1152w, https:\/\/kommit-bike.de\/wp-content\/uploads\/2022\/06\/3DEC9DFD-9DC0-47EF-A741-7A8F5405F25E_1_102_o-600x800.jpeg 600w, https:\/\/kommit-bike.de\/wp-content\/uploads\/2022\/06\/3DEC9DFD-9DC0-47EF-A741-7A8F5405F25E_1_102_o.jpeg 1512w\" sizes=\"auto, (max-width: 488px) 100vw, 488px\" \/><figcaption>Vista mozzafiato dal Dolomiti Paganella Bikepark sulle Dolomiti di Brenta <\/figcaption><\/figure>\n<\/div>\n<h2 class=\"wp-block-heading\" data-block-type=\"core\">Bike-Opening Premi\u00e8re ad Andalo<\/h2>\n\n<p>Dopo che l&#8217;opening previsto per la primavera del 2020 nella <a href=\"https:\/\/www.dolomitipaganellabike.com\/de\/molveno\">regione<\/a> <a href=\"https:\/\/www.dolomitipaganellabike.com\/de\/molveno\" target=\"_blank\" rel=\"noreferrer noopener\">Dolomiti<\/a><a href=\"https:\/\/www.dolomitipaganellabike.com\/de\/molveno\"> <\/a><a href=\"https:\/\/www.dolomitipaganellabike.com\/de\/molveno\" target=\"_blank\" rel=\"noreferrer noopener\">Paganella<\/a> \u00e8 stato rimandato due volte, quest&#8217;anno ha potuto festeggiare la sua premi\u00e8re. Dal 27 al 29 maggio 2022, appassionati mountain biker di tutte le et\u00e0 si sono incontrati per il primo Paganella Bike-Opening ad Andalo. Naturalmente, era presente anche il nostro <a href=\"https:\/\/kommit-bike.de\/it\/\" target=\"_blank\" rel=\"noreferrer noopener\">team<\/a> di <em><a href=\"https:\/\/kommit-bike.de\/it\/\" target=\"_blank\" rel=\"noreferrer noopener\">kommit<\/a><\/em>.  <\/p>\n<div class=\"wp-block-image\">\n<figure class=\"aligncenter size-large\" data-block-type=\"core\"><img loading=\"lazy\" decoding=\"async\" width=\"488\" height=\"650\" src=\"https:\/\/kommit-bike.de\/wp-content\/uploads\/2022\/06\/7221F49A-1472-4BEA-B8AA-72D5F37C2710_1_102_o-488x650.jpeg\" alt=\"\" class=\"wp-image-16124\" srcset=\"https:\/\/kommit-bike.de\/wp-content\/uploads\/2022\/06\/7221F49A-1472-4BEA-B8AA-72D5F37C2710_1_102_o-488x650.jpeg 488w, https:\/\/kommit-bike.de\/wp-content\/uploads\/2022\/06\/7221F49A-1472-4BEA-B8AA-72D5F37C2710_1_102_o-338x450.jpeg 338w, https:\/\/kommit-bike.de\/wp-content\/uploads\/2022\/06\/7221F49A-1472-4BEA-B8AA-72D5F37C2710_1_102_o-768x1024.jpeg 768w, https:\/\/kommit-bike.de\/wp-content\/uploads\/2022\/06\/7221F49A-1472-4BEA-B8AA-72D5F37C2710_1_102_o-1152x1536.jpeg 1152w, https:\/\/kommit-bike.de\/wp-content\/uploads\/2022\/06\/7221F49A-1472-4BEA-B8AA-72D5F37C2710_1_102_o-600x800.jpeg 600w, https:\/\/kommit-bike.de\/wp-content\/uploads\/2022\/06\/7221F49A-1472-4BEA-B8AA-72D5F37C2710_1_102_o.jpeg 1200w\" sizes=\"auto, (max-width: 488px) 100vw, 488px\" \/><figcaption>Il nostro sistema di traino kommit ha attirato l&#8217;attenzione <\/figcaption><\/figure>\n<\/div>\n<h3 class=\"wp-block-heading\" data-block-type=\"core\">Video dell&#8217;evento e le nostre impressioni<\/h3>\n\n<p>Con un buon espresso, abbiamo potuto intrattenere conversazioni interessanti con i visitatori e scambiarci opinioni sulla passione comune, il ciclismo. Naturalmente, anche il nostro sistema di traino <em>kommit<\/em> \u00e8 stato esaminato attentamente. C&#8217;era la possibilit\u00e0 di testare il sistema di traino durante un giro insieme.  <\/p>\n\n<p>La domenica \u00e8 stata purtroppo rovinata dalla pioggia. Ha piovuto tutto il giorno, quindi solo pochi biker irriducibili hanno trovato la strada per i sentieri. Per coloro che sono rimasti a valle, i DJ presenti hanno fatto in modo che l&#8217;atmosfera rimanesse vivace con i loro ritmi caldi. Sotto i padiglioni allestiti, le persone hanno chiacchierato, festeggiato e bevuto un buon bicchiere di vino. In retrospettiva, si pu\u00f2 dire che il Paganella Bike Opening 2022 \u00e8 stato un successo completo. Non vediamo l&#8217;ora del prossimo anno e speriamo di esserci anche noi.     <\/p>\n\n<figure class=\"wp-block-embed is-type-video is-provider-youtube wp-block-embed-youtube wp-embed-aspect-16-9 wp-has-aspect-ratio\"><div class=\"wp-block-embed__wrapper\">\n<iframe loading=\"lazy\" title=\"Dolomiti Paganella Bike Opening 2022 - First Edition\" width=\"1200\" height=\"675\" src=\"https:\/\/www.youtube.com\/embed\/8A7OO6yTPh8?feature=oembed\" frameborder=\"0\" allow=\"accelerometer; autoplay; clipboard-write; encrypted-media; gyroscope; picture-in-picture; web-share\" referrerpolicy=\"strict-origin-when-cross-origin\" allowfullscreen><\/iframe>\n<\/div><\/figure>\n\n<p><\/p>\n\n<div class=\"wp-block-ugb-columns ugb-columns ugb-03d72c4 ugb-columns--design-plain ugb-columns--columns-2 ugb-main-block\"><style>.ugb-03d72c4 > .ugb-inner-block > .ugb-block-content > .ugb-columns__item{grid-template-columns:0.66fr 1.34fr !important}<\/style><div class=\"ugb-inner-block\"><div class=\"ugb-block-content\"><div class=\"ugb-columns__item ugb-03d72c4-content-wrapper\">\n<div class=\"wp-block-ugb-column ugb-column ugb-8efce05 ugb-column--design-plain ugb-main-block\"><style>@media screen and (min-width:768px){.ugb-8efce05 > .ugb-inner-block > .ugb-block-content > *{justify-content:center}}.ugb-8efce05 > .ugb-inner-block > .ugb-block-content > *{justify-content:center !important}<\/style><div class=\"ugb-inner-block\"><div class=\"ugb-block-content\"><div class=\"ugb-column__item ugb-8efce05-column-wrapper\"><div class=\"ugb-column__content-wrapper\"><div class=\"wp-block-image is-style-default\">\n<figure class=\"aligncenter size-large\" data-block-type=\"core\"><a href=\"https:\/\/kommit-bike.de\/it\/\"><img loading=\"lazy\" decoding=\"async\" width=\"512\" height=\"512\" src=\"https:\/\/kommit-bike.de\/wp-content\/uploads\/2020\/10\/kommit-button-web-icon-512x512-1.png\" alt=\"\" class=\"wp-image-570\" srcset=\"https:\/\/kommit-bike.de\/wp-content\/uploads\/2020\/10\/kommit-button-web-icon-512x512-1.png 512w, https:\/\/kommit-bike.de\/wp-content\/uploads\/2020\/10\/kommit-button-web-icon-512x512-1-300x300.png 300w, https:\/\/kommit-bike.de\/wp-content\/uploads\/2020\/10\/kommit-button-web-icon-512x512-1-100x100.png 100w, https:\/\/kommit-bike.de\/wp-content\/uploads\/2020\/10\/kommit-button-web-icon-512x512-1-450x450.png 450w\" sizes=\"auto, (max-width: 512px) 100vw, 512px\" \/><\/a><\/figure>\n<\/div><\/div><\/div><\/div><\/div><\/div>\n\n\n\n<div class=\"wp-block-ugb-column ugb-column ugb-a228e1c ugb-column--design-plain ugb-main-block\"><div class=\"ugb-inner-block\"><div class=\"ugb-block-content\"><div class=\"ugb-column__item ugb-a228e1c-column-wrapper\"><div class=\"ugb-column__content-wrapper\">\n<h3 class=\"wp-block-heading\" id=\"h-e-bike-fahrsicherheit-de\" data-block-type=\"core\"><em><a href=\"https:\/\/kommit-bike.de\/it\/\" target=\"_blank\" rel=\"noreferrer noopener\"><strong><em>kommit<\/em><\/strong> \u2013 Il tuo sistema di traino per il divertimento condiviso in bici!<\/a><\/em><\/h3>\n\n\n\n<p>Divertimento condiviso in bici. Semplicemente lasciarsi trainare. <\/p>\n\n\n\n<div class=\"wp-block-ugb-button ugb-button-wrapper ugb-0ee69ce ugb-main-block\"><style>.ugb-0ee69ce .ugb-block-content{justify-content:flex-start !important}.ugb-0ee69ce .ugb-button1 .ugb-button--inner{font-weight:600 !important;color:#FFF !important}.ugb-0ee69ce .ugb-button1.ugb-button--has-icon.ugb-button--has-icon svg:not(.ugb-custom-icon){color:#FFF}.ugb-0ee69ce .ugb-button2 .ugb-button--inner{font-weight:600 !important}.ugb-0ee69ce .ugb-button2{background-color:#231F20;padding-top:10px;padding-right:10px;padding-bottom:10px;padding-left:10px;border-radius:4px !important}.ugb-0ee69ce .ugb-button2 .ugb-button--inner,.ugb-0ee69ce .ugb-button2 svg:not(.ugb-custom-icon){color:#FFF !important}.ugb-0ee69ce .ugb-button2:before{border-radius:4px !important}.ugb-0ee69ce .ugb-inner-block{text-align:left}<\/style><div class=\"ugb-inner-block\"><div class=\"ugb-block-content\"><div class=\"ugb-button-container\"><a class=\"ugb-button1 ugb-button ugb-button--size-normal ugb-button--ghost-to-normal-effect ugb-button--design-plain ugb-button--has-icon ugb-button--icon-position-right\" href=\"https:\/\/kommit-bike.de\/it\/\" rel=\"\" title=\"\"><div class=\"ugb-icon-inner-svg\"><svg aria-hidden=\"true\" focusable=\"false\" data-prefix=\"far\" data-icon=\"chevron-right\" class=\"svg-inline--fa fa-chevron-right fa-w-8\" role=\"img\" xmlns=\"http:\/\/www.w3.org\/2000\/svg\" viewbox=\"0 0 256 512\"><path fill=\"currentColor\" d=\"M24.707 38.101L4.908 57.899c-4.686 4.686-4.686 12.284 0 16.971L185.607 256 4.908 437.13c-4.686 4.686-4.686 12.284 0 16.971L24.707 473.9c4.686 4.686 12.284 4.686 16.971 0l209.414-209.414c4.686-4.686 4.686-12.284 0-16.971L41.678 38.101c-4.687-4.687-12.285-4.687-16.971 0z\"><\/path><\/svg><\/div><span class=\"ugb-button--inner\">Ulteriori informazioni<\/span><\/a><\/div><div class=\"ugb-button-container\"><a class=\"ugb-button2 ugb-button ugb-button--size-small ugb-button--icon-position-right\" href=\"https:\/\/kommit-bike.de\/it\/produkt\/kommit-dein-zugsystem-fuer-mehr-fahrspass\/\" rel=\"\" title=\"\"><span class=\"ugb-button--inner\">Ordina<\/span><\/a><\/div><\/div><\/div><\/div>\n<\/div><\/div><\/div><\/div><\/div>\n<\/div><\/div><\/div><\/div>\n\n<div class=\"alignfull wp-block-ugb-container ugb-container ugb-43af7fd ugb-container--v2 ugb-container--design-basic ugb-main-block\"><style>.ugb-43af7fd-wrapper.ugb-container__wrapper{min-height:50vh}.ugb-43af7fd.ugb-container{z-index:1 !important}@media screen and (min-width:768px){.ugb-43af7fd.ugb-container{margin-top:0px !important;margin-bottom:0px !important;padding-right:35px !important;padding-bottom:0px !important;padding-left:35px !important}}.ugb-43af7fd > .ugb-inner-block > .ugb-block-content > *{justify-content:flex-end !important}<\/style><div class=\"ugb-inner-block\"><div class=\"ugb-block-content\"><div class=\"ugb-container__wrapper ugb-43af7fd-wrapper ugb--shadow-0 ugb--restrict-content-width\"><div class=\"ugb-container__side\"><div class=\"ugb-container__content-wrapper ugb-43af7fd-content-wrapper ugb-content-wrapper\">\n<div class=\"wp-block-ugb-icon ugb-icon ugb-0285b8a ugb-icon--v2 ugb-icon--design-basic ugb-main-block\"><div class=\"ugb-inner-block\"><div class=\"ugb-block-content\"><div class=\"ugb-icon__content-wrapper\"><div class=\"ugb-icon__item ugb-icon__item1\"><div class=\"ugb-icon__icon\" rel=\"\"><div class=\"ugb-icon-inner-svg\"><svg aria-hidden=\"true\" data-prefix=\"far\" data-icon=\"shopping-cart\" class=\"svg-inline--fa fa-shopping-cart fa-w-18\" role=\"img\" xmlns=\"http:\/\/www.w3.org\/2000\/svg\" viewbox=\"0 0 576 512\"><path fill=\"currentColor\" d=\"M551.991 64H144.28l-8.726-44.608C133.35 8.128 123.478 0 112 0H12C5.373 0 0 5.373 0 12v24c0 6.627 5.373 12 12 12h80.24l69.594 355.701C150.796 415.201 144 430.802 144 448c0 35.346 28.654 64 64 64s64-28.654 64-64a63.681 63.681 0 0 0-8.583-32h145.167a63.681 63.681 0 0 0-8.583 32c0 35.346 28.654 64 64 64 35.346 0 64-28.654 64-64 0-18.136-7.556-34.496-19.676-46.142l1.035-4.757c3.254-14.96-8.142-29.101-23.452-29.101H203.76l-9.39-48h312.405c11.29 0 21.054-7.869 23.452-18.902l45.216-208C578.695 78.139 567.299 64 551.991 64zM208 472c-13.234 0-24-10.766-24-24s10.766-24 24-24 24 10.766 24 24-10.766 24-24 24zm256 0c-13.234 0-24-10.766-24-24s10.766-24 24-24 24 10.766 24 24-10.766 24-24 24zm23.438-200H184.98l-31.31-160h368.548l-34.78 160z\"><\/path><\/svg><\/div><\/div><\/div><\/div><\/div><\/div><\/div>\n\n\n\n<h2 class=\"wp-block-heading\" id=\"produkt\" data-block-type=\"core\">Ordina ora il tuo <strong><em>kommit<\/em><\/strong>: d<meta charset=\"utf-8\"\/>irettamente dal produttore<br\/><\/h2>\n\n\n\n<p class=\"has-medium-font-size\">Puoi supportarci personalmente ordinando il tuo sistema di traino <strong><em>kommit<\/em><\/strong> direttamente sul nostro sito. <\/p>\n\n\n\n<p class=\"has-medium-font-size\">Progettato e sviluppato in Baviera, \u00e8 la soluzione perfetta per la tua prossima gita in bici. Che sia con i tuoi bambini o con tutta la famiglia. <strong>Ordina ora qui<\/strong>! <\/p>\n\n\n<div data-block-name=\"woocommerce\/featured-product\" data-edit-mode=\"false\" data-product-id=\"31743\" data-show-desc=\"false\" class=\"wc-block-featured-product alignnone has-background-dim wp-block-woocommerce-featured-product\" style=\"min-height:500px;\"><div class=\"wc-block-featured-product__wrapper\"><div class=\"background-dim__overlay\" style=\"background-color: #000000\"><\/div><img decoding=\"async\" alt=\"Sistema di traino per bici kommit\u00ae\" class=\"wc-block-featured-product__background-image\" src=\"https:\/\/kommit-bike.de\/wp-content\/uploads\/2020\/11\/kommit-Towing-System-2025-award-650x650.png\" style=\"object-fit: none;object-position: 50% 50%;\" \/><h2 class=\"wc-block-featured-product__title\">Sistema di traino per bici kommit\u00ae<\/h2><div class=\"wc-block-featured-product__price\"><small><\/small><span class=\"woocommerce-Price-amount amount\">59,95<span class=\"woocommerce-Price-currencySymbol\">&euro;<\/span><\/span><\/div><div class=\"wc-block-featured-product__inner-blocks\">\n\n<div class=\"wp-block-buttons is-layout-flex wp-block-buttons-is-layout-flex\" data-block-type=\"core\">\n<div class=\"wp-block-button aligncenter\" data-block-type=\"core\"><a class=\"wp-block-button__link\" href=\"https:\/\/kommit-bike.de\/it\/produkt\/kommit-dein-zugsystem-fuer-mehr-fahrspass\/\">Acquista ora<\/a><\/div>\n<\/div>\n\n<\/div><\/div><\/div><\/div><\/div><\/div><\/div><\/div><\/div>\n","protected":false},"excerpt":{"rendered":"<p>Bike-Opening Premi\u00e8re ad Andalo Dopo che l&#8217;opening previsto per la primavera del 2020 nella regione Dolomiti Paganella \u00e8 stato rimandato &#8230; <\/p>\n<p class=\"read-more-container\"><a title=\"Riepilogo: Dolomiti Paganella Bike-Opening 2022\" class=\"read-more button\" href=\"https:\/\/kommit-bike.de\/it\/2025\/11\/kommit-zum-dolomiti-paganella-bike-opening-2022-dublikat\/#more-31938\" aria-label=\"Per saperne di pi\u00f9 su Riepilogo: Dolomiti Paganella Bike-Opening 2022\">Leggi tutto<\/a><\/p>\n","protected":false},"author":33,"featured_media":31941,"comment_status":"open","ping_status":"closed","sticky":false,"template":"","format":"standard","meta":{"footnotes":""},"categories":[230],"tags":[],"class_list":["post-31938","post","type-post","status-publish","format-standard","has-post-thumbnail","hentry","category-senza-categoria","resize-featured-image"],"featured_image_urls_v2":{"full":["https:\/\/kommit-bike.de\/wp-content\/uploads\/2022\/06\/DPB-Opening-Frizzera-18.jpg",1821,1365,false],"thumbnail":["https:\/\/kommit-bike.de\/wp-content\/uploads\/2022\/06\/DPB-Opening-Frizzera-18-450x450.jpg",450,450,true],"medium":["https:\/\/kommit-bike.de\/wp-content\/uploads\/2022\/06\/DPB-Opening-Frizzera-18-600x450.jpg",600,450,true],"medium_large":["https:\/\/kommit-bike.de\/wp-content\/uploads\/2022\/06\/DPB-Opening-Frizzera-18-768x576.jpg",768,576,true],"large":["https:\/\/kommit-bike.de\/wp-content\/uploads\/2022\/06\/DPB-Opening-Frizzera-18-867x650.jpg",867,650,true],"1536x1536":["https:\/\/kommit-bike.de\/wp-content\/uploads\/2022\/06\/DPB-Opening-Frizzera-18-1536x1151.jpg",1536,1151,true],"2048x2048":["https:\/\/kommit-bike.de\/wp-content\/uploads\/2022\/06\/DPB-Opening-Frizzera-18.jpg",1821,1365,false],"woocommerce_thumbnail":["https:\/\/kommit-bike.de\/wp-content\/uploads\/2022\/06\/DPB-Opening-Frizzera-18-300x300.jpg",300,300,true],"woocommerce_single":["https:\/\/kommit-bike.de\/wp-content\/uploads\/2022\/06\/DPB-Opening-Frizzera-18-600x450.jpg",600,450,true],"woocommerce_gallery_thumbnail":["https:\/\/kommit-bike.de\/wp-content\/uploads\/2022\/06\/DPB-Opening-Frizzera-18-100x100.jpg",100,100,true]},"post_excerpt_stackable_v2":"<p>Vista mozzafiato dal Dolomiti Paganella Bikepark sulle Dolomiti di Brenta Bike-Opening Premi\u00e8re ad Andalo Dopo che l&#8217;opening previsto per la primavera del 2020 nella regione Dolomiti Paganella \u00e8 stato rimandato due volte, quest&#8217;anno ha potuto festeggiare la sua premi\u00e8re. Dal 27 al 29 maggio 2022, appassionati mountain biker di tutte le et\u00e0 si sono incontrati per il primo Paganella Bike-Opening ad Andalo. Naturalmente, era presente anche il nostro team di kommit. Il nostro sistema di traino kommit ha attirato l&#8217;attenzione Video dell&#8217;evento e le nostre impressioni Con un buon espresso, abbiamo potuto intrattenere conversazioni interessanti con i visitatori e scambiarci&hellip;<\/p>\n","category_list_v2":"<a href=\"https:\/\/kommit-bike.de\/it\/kategorie\/senza-categoria\/\" rel=\"category tag\">Senza categoria<\/a>","author_info_v2":{"name":"Andy Rieger","url":"https:\/\/kommit-bike.de\/it\/author\/test-retail-de\/"},"comments_num_v2":"0 comments","_links":{"self":[{"href":"https:\/\/kommit-bike.de\/it\/wp-json\/wp\/v2\/posts\/31938","targetHints":{"allow":["GET"]}}],"collection":[{"href":"https:\/\/kommit-bike.de\/it\/wp-json\/wp\/v2\/posts"}],"about":[{"href":"https:\/\/kommit-bike.de\/it\/wp-json\/wp\/v2\/types\/post"}],"author":[{"embeddable":true,"href":"https:\/\/kommit-bike.de\/it\/wp-json\/wp\/v2\/users\/33"}],"replies":[{"embeddable":true,"href":"https:\/\/kommit-bike.de\/it\/wp-json\/wp\/v2\/comments?post=31938"}],"version-history":[{"count":0,"href":"https:\/\/kommit-bike.de\/it\/wp-json\/wp\/v2\/posts\/31938\/revisions"}],"wp:featuredmedia":[{"embeddable":true,"href":"https:\/\/kommit-bike.de\/it\/wp-json\/wp\/v2\/media\/31941"}],"wp:attachment":[{"href":"https:\/\/kommit-bike.de\/it\/wp-json\/wp\/v2\/media?parent=31938"}],"wp:term":[{"taxonomy":"category","embeddable":true,"href":"https:\/\/kommit-bike.de\/it\/wp-json\/wp\/v2\/categories?post=31938"},{"taxonomy":"post_tag","embeddable":true,"href":"https:\/\/kommit-bike.de\/it\/wp-json\/wp\/v2\/tags?post=31938"}],"curies":[{"name":"wp","href":"https:\/\/api.w.org\/{rel}","templated":true}]}}